{"id":2486,"date":"2026-03-04T18:36:31","date_gmt":"2026-03-04T18:36:31","guid":{"rendered":"https:\/\/www.lapergolamarseille.fr\/?p=2486"},"modified":"2026-03-02T18:45:04","modified_gmt":"2026-03-02T18:45:04","slug":"pergolas-2026-el-arte-de-vivir-al-aire-libre-elegancia-y-tecnologia-a-su-alcance","status":"publish","type":"post","link":"https:\/\/www.lapergolamarseille.fr\/es\/pergolas-2026-el-arte-de-vivir-al-aire-libre-elegancia-y-tecnologia-a-su-alcance\/","title":{"rendered":"P\u00e9rgolas 2026 : El arte de vivir al aire libre, elegancia y tecnolog\u00eda en su vest\u00edbulo"},"content":{"rendered":"<div class=\"article-content\">\n<p>Imagine su terraza transformada en un aut\u00e9ntico capullo exterior, donde cada estaci\u00f3n se convierte en una invitaci\u00f3n a disfrutar del aire libre. El viento juega suavemente con las hojas, el sol acaricia suavemente su piel a trav\u00e9s de las lamas regulables, mientras sus seres queridos se re\u00fanen alrededor de una mesa, arrullados por la suave luz de la iluminaci\u00f3n integrada. Esto ya no es un sue\u00f1o, sino la evoluci\u00f3n natural de las p\u00e9rgolas en 2026.<\/p>\n<figure class=\"frr-paragraph-image\"><img decoding=\"async\" src=\"https:\/\/www.lapergolamarseille.fr\/wp-content\/uploads\/2026\/03\/frr-a-modern-pergola-with-adjustable-louvers-filtering-sunlight-69a5d89bb25c7-69a5d89be0ea8.webp\" alt=\"&quot;Una p\u00e9rgola moderna con lamas ajustables que filtran la luz del sol sobre un elegante comedor exterior, con iluminaci\u00f3n ambiental integrada amo\" loading=\"lazy\" \/><figcaption> \u2600\ufe0f \ud83c\udfe1<\/figcaption><\/figure>\n<p>\u00bfUsted tambi\u00e9n aspira a ese equilibrio perfecto entre protecci\u00f3n y libertad, entre dise\u00f1o y funcionalidad? Las p\u00e9rgolas de nueva generaci\u00f3n son la respuesta perfecta a esta b\u00fasqueda de un espacio exterior para vivir todo el a\u00f1o, sin renunciar al estilo ni al confort. Lejos de ser simples estructuras de sombra, se convierten en la prolongaci\u00f3n inteligente de su interior.<\/p>\n<h2>La p\u00e9rgola, el nuevo sal\u00f3n<\/h2>\n<p>Atr\u00e1s quedaron los d\u00edas en que la terraza serv\u00eda simplemente como zona de barbacoa de verano. En 2026, se ha convertido en una habitaci\u00f3n m\u00e1s, dise\u00f1ada con el mismo rigor que un sal\u00f3n interior. C\u00f3modos sof\u00e1s, mesas de centro de dise\u00f1o, alfombras resistentes a la intemperie: todo est\u00e1 pensado para crear un ambiente c\u00e1lido y acogedor.<\/p>\n<p>La moderna p\u00e9rgola estructura este espacio sin encerrarlo, ofreciendo la protecci\u00f3n justa para transformar un rinc\u00f3n del jard\u00edn en un refugio cotidiano. Ya sea para comidas familiares, veladas con amigos o lecturas en solitario, estos nuevos espacios h\u00edbridos se adaptan a todos los usos.<\/p>\n<figure class=\"frr-paragraph-image\"><img decoding=\"async\" src=\"https:\/\/www.lapergolamarseille.fr\/wp-content\/uploads\/2026\/03\/frr-a-sleek-modern-pergola-with-retractable-louvers-casting-soft-69a5d8a1d6eaf-69a5d8a85bfdc.webp\" alt=\"Una p\u00e9rgola moderna y elegante con lamas retr\u00e1ctiles que proyectan suaves sombras sobre una acogedora zona de estar al aire libre rodeada de exuberante vegetaci\u00f3n y elegante\" loading=\"lazy\" \/><figcaption> \ud83c\udf3f \ud83c\udfd7\ufe0f<\/figcaption><\/figure>\n<h2>La era de las p\u00e9rgolas inteligentes<\/h2>\n<p>Frente a los caprichos del tiempo, los propietarios exigen ahora un control total sobre su entorno. Los sistemas bioclim\u00e1ticos con lamas orientables son la respuesta perfecta. Un simple mando a distancia es todo lo que necesita para modular la luz solar y la ventilaci\u00f3n, o protegerse de un chaparr\u00f3n repentino.<\/p>\n<p>Esta tecnolog\u00eda discreta pero potente suele ir acompa\u00f1ada de opciones conectadas: programaci\u00f3n de temporizadores, activaci\u00f3n autom\u00e1tica en funci\u00f3n del tiempo o incluso control por voz. No puede ser m\u00e1s f\u00e1cil de usar, pero conserva un aspecto elegante y despejado.<\/p>\n<h2>Dise\u00f1o minimalista, m\u00e1xima experiencia<\/h2>\n<p>La arquitectura contempor\u00e1nea ha influido directamente en las p\u00e9rgolas 2026. Las l\u00edneas son m\u00e1s estilizadas, los materiales m\u00e1s nobles (aluminio cepillado, madera compuesta de alta gama), los colores m\u00e1s neutros. \u00bfEl objetivo? Integrarse perfectamente en la casa principal, como si la estructura siempre hubiera formado parte del proyecto inicial.<\/p>\n<figure class=\"frr-paragraph-image\"><img decoding=\"async\" src=\"https:\/\/www.lapergolamarseille.fr\/wp-content\/uploads\/2026\/03\/frr-a-sleek-modern-pergola-with-brushed-aluminum-and-high-end-co-69a5d8af4010c-69a5d8af6d06e.webp\" alt=\"Una p\u00e9rgola moderna y elegante con aluminio cepillado y detalles de madera compuesta de alta gama, que combina a la perfecci\u00f3n con la fachada de una casa contempor\u00e1nea.\" loading=\"lazy\" \/><figcaption> \ud83e\udeb5 \ud83d\udd29<\/figcaption><\/figure>\n<p>Esta b\u00fasqueda de la pureza formal no excluye los toques personalizados: iluminaci\u00f3n LED integrada para crear ambientes cambiantes, persianas laterales motorizadas para mayor intimidad o incluso sistemas de audio invisibles. Cada detalle cuenta para transformar la experiencia al aire libre.<\/p>\n<h2>Resiliencia clim\u00e1tica: bella y robusta<\/h2>\n<p>Un dise\u00f1o de \u00e9xito no vale nada sin una resistencia a toda prueba. Las p\u00e9rgolas de nueva generaci\u00f3n se anticipan a las condiciones extremas: tratamiento anti-UV para los tejidos, anclajes reforzados contra el viento, sistemas de drenaje optimizados. Los materiales se eligen para que envejezcan con elegancia y requieran un mantenimiento m\u00ednimo.<\/p>\n<p>Esta durabilidad se est\u00e1 convirtiendo en un argumento clave para los propietarios preocupados por su inversi\u00f3n. Una p\u00e9rgola bien dise\u00f1ada aumenta el valor de la propiedad a largo plazo, al tiempo que ofrece un retorno inmediato de la inversi\u00f3n en t\u00e9rminos de calidad de vida.<\/p>\n<p>A medida que nuestro estilo de vida se orienta hacia el exterior, la p\u00e9rgola ha pasado de ser un accesorio a convertirse en el elemento central de nuestros espacios vitales. Mezcla de innovaci\u00f3n tecnol\u00f3gica y dise\u00f1o atemporal, las p\u00e9rgolas est\u00e1n redefiniendo nuestra relaci\u00f3n con la naturaleza y nuestros hogares. \u00bfC\u00f3mo imagina su oasis exterior del ma\u00f1ana?<\/p>\n<\/div>","protected":false},"excerpt":{"rendered":"<p>Imagine su terraza transformada en un aut\u00e9ntico capullo exterior, donde cada estaci\u00f3n se convierte en una invitaci\u00f3n a disfrutar del aire libre. El viento juega suavemente con las hojas, el sol acaricia suavemente su piel a trav\u00e9s de las lamas regulables, mientras sus seres queridos se entretienen alrededor de una mesa, arrullados por la suave luz de la iluminaci\u00f3n integrada. Ya no es...<\/p>","protected":false},"author":2,"featured_media":2482,"comment_status":"open","ping_status":"open","sticky":false,"template":"","format":"standard","meta":{"_kadence_starter_templates_imported_post":false,"_swpsp_post_exclude":false,"_kad_post_transparent":"","_kad_post_title":"","_kad_post_layout":"","_kad_post_sidebar_id":"","_kad_post_content_style":"","_kad_post_vertical_padding":"","_kad_post_feature":"","_kad_post_feature_position":"","_kad_post_header":false,"_kad_post_footer":false,"_kad_post_classname":"","footnotes":""},"categories":[11,8,10],"tags":[],"class_list":["post-2486","post","type-post","status-publish","format-standard","has-post-thumbnail","hentry","category-astuce-pour-la-pergola","category-decoration-pergola","category-pergola-le-blog"],"_links":{"self":[{"href":"https:\/\/www.lapergolamarseille.fr\/es\/wp-json\/wp\/v2\/posts\/2486","targetHints":{"allow":["GET"]}}],"collection":[{"href":"https:\/\/www.lapergolamarseille.fr\/es\/wp-json\/wp\/v2\/posts"}],"about":[{"href":"https:\/\/www.lapergolamarseille.fr\/es\/wp-json\/wp\/v2\/types\/post"}],"author":[{"embeddable":true,"href":"https:\/\/www.lapergolamarseille.fr\/es\/wp-json\/wp\/v2\/users\/2"}],"replies":[{"embeddable":true,"href":"https:\/\/www.lapergolamarseille.fr\/es\/wp-json\/wp\/v2\/comments?post=2486"}],"version-history":[{"count":1,"href":"https:\/\/www.lapergolamarseille.fr\/es\/wp-json\/wp\/v2\/posts\/2486\/revisions"}],"predecessor-version":[{"id":2494,"href":"https:\/\/www.lapergolamarseille.fr\/es\/wp-json\/wp\/v2\/posts\/2486\/revisions\/2494"}],"wp:featuredmedia":[{"embeddable":true,"href":"https:\/\/www.lapergolamarseille.fr\/es\/wp-json\/wp\/v2\/media\/2482"}],"wp:attachment":[{"href":"https:\/\/www.lapergolamarseille.fr\/es\/wp-json\/wp\/v2\/media?parent=2486"}],"wp:term":[{"taxonomy":"category","embeddable":true,"href":"https:\/\/www.lapergolamarseille.fr\/es\/wp-json\/wp\/v2\/categories?post=2486"},{"taxonomy":"post_tag","embeddable":true,"href":"https:\/\/www.lapergolamarseille.fr\/es\/wp-json\/wp\/v2\/tags?post=2486"}],"curies":[{"name":"wp","href":"https:\/\/api.w.org\/{rel}","templated":true}]}}